{"id":2716,"date":"2019-11-05T13:15:52","date_gmt":"2019-11-05T13:15:52","guid":{"rendered":"http:\/\/portosdosacores.pt\/en\/noticias\/portos-dos-acores-s-a-eleita-vogal-da-direccao-da-app\/"},"modified":"2019-11-28T16:57:48","modified_gmt":"2019-11-28T16:57:48","slug":"portos-dos-acores-s-a-eleita-vogal-da-direccao-da-app","status":"publish","type":"noticias","link":"https:\/\/portosdosacores.pt\/en\/noticias\/portos-dos-acores-s-a-eleita-vogal-da-direccao-da-app\/","title":{"rendered":"PORTOS DOS A\u00c7ORES, S.A. ELEITA VOGAL DA DIREC\u00c7\u00c3O DA APP"},"content":{"rendered":"<p>A Portos dos A\u00e7ores, S.A., representada pelo Presidente do Conselho de Administra\u00e7\u00e3o, Miguel Costa, foi eleita no final da \u00faltima semana, no decorrer de reuni\u00e3o da Assembleia Geral da Associa\u00e7\u00e3o dos Portos de Portugal, para o cargo de Vogal da Dire\u00e7\u00e3o da APP, no per\u00edodo de 2019-2021.<br \/>\nA Associa\u00e7\u00e3o dos Portos de Portugal (APP) \u00e9 uma associa\u00e7\u00e3o sem fins lucrativos fundada em 1991, com o o<span class=\"text_exposed_show\">bjetivo de se constituir no f\u00f3rum de debate e troca de informa\u00e7\u00f5es sobre mat\u00e9rias de interesse comum para os portos e para o transporte mar\u00edtimo no nosso pa\u00eds.<br \/>\nAo longo das quase tr\u00eas d\u00e9cadas de exist\u00eancia a APP tem contribu\u00eddo para o desenvolvimento e moderniza\u00e7\u00e3o do \u2018Sistema Portu\u00e1rio Nacional\u2019, assumindo ao mesmo tempo uma fun\u00e7\u00e3o primordial que esteve subjacente \u00e0 sua cria\u00e7\u00e3o, que foi a de tornar-se como um espa\u00e7o privilegiado de reflex\u00e3o e de decis\u00e3o sustentada.<br \/>\nA participa\u00e7\u00e3o concreta da Portos dos A\u00e7ores, S.A. no \u00e2mbito desta organiza\u00e7\u00e3o tem permitido, por outro lado, que a administra\u00e7\u00e3o portu\u00e1ria regional seja parceira em v\u00e1rios projetos transversais no universo nacional, como s\u00e3o exemplos os saltos tecnol\u00f3gicos potenciados com a cria\u00e7\u00e3o da JUP (Janela \u00danica Portu\u00e1ria) e a sua transi\u00e7\u00e3o, em curso, para a JUL (Janela \u00danica Log\u00edstica), bem como a assun\u00e7\u00e3o de uma estrat\u00e9gia concertada de marketing de todos os portos portugueses \u2013 incluindo os a\u00e7orianos \u2013 ao n\u00edvel da sua promo\u00e7\u00e3o externa, particularmente junto da ind\u00fastria de cruzeiros de turismo e nas feiras internacionais.<br \/>\nNas fun\u00e7\u00f5es que a Portos dos A\u00e7ores, S.A. assume a partir de agora na Dire\u00e7\u00e3o da APP, o Presidente Miguel Costa far\u00e1 parte de uma equipa executiva que integra, ainda, o Presidente da Administra\u00e7\u00e3o dos Portos de Sines e do Algarve, S.A. e a Presidente da Administra\u00e7\u00e3o dos Portos do Douro, Leix\u00f5es e Viana do Castelo, S.A..<\/span><\/p>\n","protected":false},"excerpt":{"rendered":"<p>A Portos dos A\u00e7ores, S.A., representada pelo Presidente do Conselho de Administra\u00e7\u00e3o, Miguel Costa, foi eleita no final da \u00faltima semana, no decorrer de reuni\u00e3o da Assembleia Geral da Associa\u00e7\u00e3o dos Portos de Portugal, para o cargo de Vogal da Dire\u00e7\u00e3o da APP, no per\u00edodo de 2019-2021. A Associa\u00e7\u00e3o dos Portos de Portugal (APP) \u00e9 [&hellip;]<\/p>\n","protected":false},"featured_media":2608,"template":"","_links":{"self":[{"href":"https:\/\/portosdosacores.pt\/en\/wp-json\/wp\/v2\/noticias\/2716"}],"collection":[{"href":"https:\/\/portosdosacores.pt\/en\/wp-json\/wp\/v2\/noticias"}],"about":[{"href":"https:\/\/portosdosacores.pt\/en\/wp-json\/wp\/v2\/types\/noticias"}],"wp:featuredmedia":[{"embeddable":true,"href":"https:\/\/portosdosacores.pt\/en\/wp-json\/wp\/v2\/media\/2608"}],"wp:attachment":[{"href":"https:\/\/portosdosacores.pt\/en\/wp-json\/wp\/v2\/media?parent=2716"}],"curies":[{"name":"wp","href":"https:\/\/api.w.org\/{rel}","templated":true}]}}