{"id":2723,"date":"2019-10-14T13:27:57","date_gmt":"2019-10-14T13:27:57","guid":{"rendered":"http:\/\/portosdosacores.pt\/en\/noticias\/primeira-escala-de-um-navio-de-mercadorias-nas-lajes-das-flores-apos-a-passagem-do-furacao-lorenzo\/"},"modified":"2019-11-28T16:59:47","modified_gmt":"2019-11-28T16:59:47","slug":"primeira-escala-de-um-navio-de-mercadorias-nas-lajes-das-flores-apos-a-passagem-do-furacao-lorenzo","status":"publish","type":"noticias","link":"https:\/\/portosdosacores.pt\/en\/noticias\/primeira-escala-de-um-navio-de-mercadorias-nas-lajes-das-flores-apos-a-passagem-do-furacao-lorenzo\/","title":{"rendered":"PRIMEIRA ESCALA DE UM NAVIO DE MERCADORIAS NAS LAJES DAS FLORES AP\u00d3S A PASSAGEM DO FURAC\u00c3O LORENZO"},"content":{"rendered":"<p>Realizou-se hoje a primeira escala de um navio de mercadorias no Porto das Lajes das Flores, ap\u00f3s a passagem do furac\u00e3o Lorenzo, transportando combust\u00edvel e produtos alimentares.<\/p>\n","protected":false},"excerpt":{"rendered":"<p>Realizou-se hoje a primeira escala de um navio de mercadorias no Porto das Lajes das Flores, ap\u00f3s a passagem do furac\u00e3o Lorenzo, transportando combust\u00edvel e produtos alimentares.<\/p>\n","protected":false},"featured_media":2627,"template":"","_links":{"self":[{"href":"https:\/\/portosdosacores.pt\/en\/wp-json\/wp\/v2\/noticias\/2723"}],"collection":[{"href":"https:\/\/portosdosacores.pt\/en\/wp-json\/wp\/v2\/noticias"}],"about":[{"href":"https:\/\/portosdosacores.pt\/en\/wp-json\/wp\/v2\/types\/noticias"}],"wp:featuredmedia":[{"embeddable":true,"href":"https:\/\/portosdosacores.pt\/en\/wp-json\/wp\/v2\/media\/2627"}],"wp:attachment":[{"href":"https:\/\/portosdosacores.pt\/en\/wp-json\/wp\/v2\/media?parent=2723"}],"curies":[{"name":"wp","href":"https:\/\/api.w.org\/{rel}","templated":true}]}}